{"id":316,"date":"2026-08-13T11:11:01","date_gmt":"2026-08-13T14:11:01","guid":{"rendered":"https:\/\/aguaimontessoriana.com.br\/blogdoaguai\/?p=316"},"modified":"2025-12-10T11:12:01","modified_gmt":"2025-12-10T14:12:01","slug":"retomada-de-ritmo-adaptacao-e-preparacao-para-o-sprint-final","status":"publish","type":"post","link":"https:\/\/aguaimontessoriana.com.br\/blogdoaguai\/2026\/08\/13\/retomada-de-ritmo-adaptacao-e-preparacao-para-o-sprint-final\/","title":{"rendered":"Retomada de Ritmo, Adapta\u00e7\u00e3o e Prepara\u00e7\u00e3o para o Sprint Final"},"content":{"rendered":"\n<figure class=\"wp-block-image size-full\"><img loading=\"lazy\" decoding=\"async\" width=\"275\" height=\"183\" src=\"https:\/\/aguaimontessoriana.com.br\/blogdoaguai\/wp-content\/uploads\/2025\/12\/agosto.jpg\" alt=\"\" class=\"wp-image-294\" srcset=\"https:\/\/aguaimontessoriana.com.br\/blogdoaguai\/wp-content\/uploads\/2025\/12\/agosto.jpg 275w, https:\/\/aguaimontessoriana.com.br\/blogdoaguai\/wp-content\/uploads\/2025\/12\/agosto-120x80.jpg 120w\" sizes=\"auto, (max-width: 275px) 100vw, 275px\" \/><\/figure>\n\n\n\n<p class=\"wp-block-paragraph\">Agosto \u00e9 o m\u00eas de retorno \u00e0s aulas ap\u00f3s as f\u00e9rias de julho, marcando o in\u00edcio do segundo e crucial semestre. A principal tarefa agora \u00e9 <strong>reintegrar-se \u00e0 rotina de estudos<\/strong> de forma eficiente e <strong>lan\u00e7ar as bases para o sprint final<\/strong> do ano. A transi\u00e7\u00e3o de volta ao ritmo intenso \u00e9 o maior desafio.<\/p>\n\n\n\n<p class=\"wp-block-paragraph\">Uma curiosidade do c\u00e9rebro no retorno: ap\u00f3s um per\u00edodo de descanso, a nossa <strong>mem\u00f3ria de trabalho<\/strong> (a parte do c\u00e9rebro que lida com a informa\u00e7\u00e3o em tempo real) pode estar um pouco &#8220;enferrujada&#8221;. Por isso, \u00e9 comum sentir dificuldade para focar nas primeiras semanas.<\/p>\n\n\n\n<p class=\"wp-block-paragraph\">A dica para agosto \u00e9 aplicar a <strong>Regra da Progress\u00e3o Gradual<\/strong>. N\u00e3o tente voltar aos n\u00edveis de estudo de junho na primeira semana. Comece com blocos de estudo mais curtos e focados na organiza\u00e7\u00e3o e revis\u00e3o suave. Use a primeira semana para <strong>revisar o conte\u00fado pr\u00e9-estudado em julho<\/strong> e organizar todo o material do semestre passado nas pastas corretas. Na segunda semana, aumente a intensidade e comece a integrar os novos conte\u00fados. Esse aquecimento gradual previne o <em>burnout<\/em> (esgotamento) e permite que a concentra\u00e7\u00e3o retorne de forma natural.<\/p>\n\n\n\n<p class=\"wp-block-paragraph\">Com as novas mat\u00e9rias sendo introduzidas, a <strong>Consist\u00eancia da Revis\u00e3o Di\u00e1ria<\/strong> se torna vital. \u00c9 aqui que voc\u00ea deve colocar em pr\u00e1tica os aprendizados do primeiro semestre. N\u00e3o deixe a mat\u00e9ria acumular. Ao inv\u00e9s de uma longa sess\u00e3o de revis\u00e3o nos finais de semana, fa\u00e7a pequenas revis\u00f5es de 10 a 15 minutos do conte\u00fado ensinado <em>no dia<\/em>. Isso fortalece as conex\u00f5es neurais enquanto a informa\u00e7\u00e3o ainda est\u00e1 fresca na mem\u00f3ria, aplicando o princ\u00edpio de que a frequ\u00eancia supera a dura\u00e7\u00e3o.<\/p>\n\n\n\n<p class=\"wp-block-paragraph\">Agosto tamb\u00e9m \u00e9 o m\u00eas da <strong>Prepara\u00e7\u00e3o Psicol\u00f3gica<\/strong>. O final do ano letivo se aproxima e, para muitos, isso significa grandes provas ou exames de admiss\u00e3o. Adote a <strong>Mentalidade de Maratona<\/strong>. Entenda que o segundo semestre \u00e9 uma maratona, e n\u00e3o uma corrida de curta dist\u00e2ncia. Crie um calend\u00e1rio de estudos que inclua tempo de descanso e lazer. <strong>Curiosidade:<\/strong> O lazer n\u00e3o \u00e9 inimigo da produtividade; ele \u00e9 um catalisador. O c\u00e9rebro precisa de pausas para se manter alerta e criativo ao longo dos meses mais exigentes.<\/p>\n\n\n\n<p class=\"wp-block-paragraph\">Portanto, em agosto, volte devagar, construa a consist\u00eancia da revis\u00e3o di\u00e1ria e, o mais importante, planeje o seu ritmo para que voc\u00ea chegue ao final do ano com energia e n\u00e3o esgotado.<\/p>\n","protected":false},"excerpt":{"rendered":"<p>Agosto \u00e9 o m\u00eas de retorno \u00e0s aulas ap\u00f3s as f\u00e9rias de julho, marcando o in\u00edcio do segundo e crucial<\/p>\n","protected":false},"author":1,"featured_media":294,"comment_status":"closed","ping_status":"open","sticky":false,"template":"","format":"standard","meta":{"footnotes":""},"categories":[1],"tags":[],"class_list":["post-316","post","type-post","status-publish","format-standard","has-post-thumbnail","hentry","category-sem-categoria"],"_links":{"self":[{"href":"https:\/\/aguaimontessoriana.com.br\/blogdoaguai\/wp-json\/wp\/v2\/posts\/316","targetHints":{"allow":["GET"]}}],"collection":[{"href":"https:\/\/aguaimontessoriana.com.br\/blogdoaguai\/wp-json\/wp\/v2\/posts"}],"about":[{"href":"https:\/\/aguaimontessoriana.com.br\/blogdoaguai\/wp-json\/wp\/v2\/types\/post"}],"author":[{"embeddable":true,"href":"https:\/\/aguaimontessoriana.com.br\/blogdoaguai\/wp-json\/wp\/v2\/users\/1"}],"replies":[{"embeddable":true,"href":"https:\/\/aguaimontessoriana.com.br\/blogdoaguai\/wp-json\/wp\/v2\/comments?post=316"}],"version-history":[{"count":1,"href":"https:\/\/aguaimontessoriana.com.br\/blogdoaguai\/wp-json\/wp\/v2\/posts\/316\/revisions"}],"predecessor-version":[{"id":317,"href":"https:\/\/aguaimontessoriana.com.br\/blogdoaguai\/wp-json\/wp\/v2\/posts\/316\/revisions\/317"}],"wp:featuredmedia":[{"embeddable":true,"href":"https:\/\/aguaimontessoriana.com.br\/blogdoaguai\/wp-json\/wp\/v2\/media\/294"}],"wp:attachment":[{"href":"https:\/\/aguaimontessoriana.com.br\/blogdoaguai\/wp-json\/wp\/v2\/media?parent=316"}],"wp:term":[{"taxonomy":"category","embeddable":true,"href":"https:\/\/aguaimontessoriana.com.br\/blogdoaguai\/wp-json\/wp\/v2\/categories?post=316"},{"taxonomy":"post_tag","embeddable":true,"href":"https:\/\/aguaimontessoriana.com.br\/blogdoaguai\/wp-json\/wp\/v2\/tags?post=316"}],"curies":[{"name":"wp","href":"https:\/\/api.w.org\/{rel}","templated":true}]}}